{"id":2287,"date":"2021-02-25T12:30:17","date_gmt":"2021-02-25T11:30:17","guid":{"rendered":"https:\/\/zsswitnica.pl\/zss\/?p=2287"},"modified":"2021-02-25T12:30:19","modified_gmt":"2021-02-25T11:30:19","slug":"wystawa-literacka","status":"publish","type":"post","link":"https:\/\/zsswitnica.pl\/zss\/wystawa-literacka\/","title":{"rendered":"Wystawa literacka"},"content":{"rendered":"\n<p>W holu Zespo\u0142u Szk\u00f3\u0142 Samorz\u0105dowych mo\u017cna ogl\u0105da\u0107 wystaw\u0119 przygotowan\u0105 przez p. A. Sikorsk\u0105 na wie\u015b\u0107 o przyznaniu Literackiej Nagrody Nobla pisarce Oldze Tokarczuk, kt\u00f3ra otrzyma\u0142a Nobla (za 2018 r.) za: \u201enarracyjn\u0105 wyobra\u017ani\u0119, kt\u00f3ra z encyklopedyczn\u0105 pasj\u0105 ujawnia przekraczanie granic jako form\u0119 \u017cycia\u201d. Komitet Noblowski doceni\u0142 polsk\u0105 pisark\u0119 za ogl\u0105d spraw lokalnych, ale i umiej\u0119tno\u015b\u0107 spojrzenia na rzeczywisto\u015b\u0107 z szerszej perspektywy,&nbsp; \u201ez lotu ptaka\u201d. Za po\u0142\u0105czenie sprytu i dowcipu.<\/p>\n\n\n\n<p>W zbiorach bibliotecznych, jako nieliczni, mamy ksi\u0105\u017cki Olgi Tokarczuk, kt\u00f3ra wpisa\u0142a dedykacje dla naszych czytelnik\u00f3w w roku 2002, na spotkaniu w M\u00fcnchebergu w ramach wsp\u00f3\u0142pracy polsko- niemieckiej. S\u0105 to dwie powie\u015bci: \u201eE.E.\u201d oraz \u201eDom dzienny, dom nocny. W najbli\u017cszych tygodniach we wsp\u00f3\u0142pracy z Uniwersytetem Trzeciego Wieku planowana jest prelekcja dot. \u017cycia i tw\u00f3rczo\u015bci Olgi Tokarczuk.<\/p>\n\n\n\n<div class=\"wp-container-1 wp-block-group\"><div class=\"wp-block-group__inner-container\">\n<div class=\"wp-block-columns\">\n<div class=\"wp-block-column\" style=\"flex-basis:100%\">\n<figure class=\"wp-block-gallery columns-1 is-cropped\"><ul class=\"blocks-gallery-grid\"><li class=\"blocks-gallery-item\"><figure><img loading=\"lazy\" width=\"150\" height=\"150\" src=\"https:\/\/zsswitnica.pl\/zss\/wp-content\/uploads\/2021\/02\/wystawa-obrazek-ksiazka-150x150-1.jpg\" alt=\"\" data-id=\"2288\" data-link=\"https:\/\/zsswitnica.pl\/zss\/?attachment_id=2288\" class=\"wp-image-2288\"\/><\/figure><\/li><\/ul><\/figure>\n<\/div>\n<\/div>\n<\/div><\/div>\n","protected":false},"excerpt":{"rendered":"<p>W holu Zespo\u0142u Szk\u00f3\u0142 Samorz\u0105dowych mo\u017cna ogl\u0105da\u0107 wystaw\u0119 przygotowan\u0105 przez p. A. Sikorsk\u0105 na wie\u015b\u0107 o przyznaniu Literackiej Nagrody Nobla pisarce Oldze Tokarczuk, kt\u00f3ra otrzyma\u0142a Nobla (za 2018 r.) za: \u201enarracyjn\u0105 wyobra\u017ani\u0119, kt\u00f3ra z encyklopedyczn\u0105 pasj\u0105 ujawnia przekraczanie granic jako form\u0119 \u017cycia\u201d. Komitet Noblowski doceni\u0142 polsk\u0105 pisark\u0119 za ogl\u0105d spraw lokalnych, ale i umiej\u0119tno\u015b\u0107 spojrzenia [&hellip;]<\/p>\n","protected":false},"author":1,"featured_media":0,"comment_status":"open","ping_status":"open","sticky":false,"template":"","format":"standard","meta":{"_et_pb_use_builder":"","_et_pb_old_content":"","_et_gb_content_width":""},"categories":[4],"tags":[],"_links":{"self":[{"href":"https:\/\/zsswitnica.pl\/zss\/wp-json\/wp\/v2\/posts\/2287"}],"collection":[{"href":"https:\/\/zsswitnica.pl\/zss\/wp-json\/wp\/v2\/posts"}],"about":[{"href":"https:\/\/zsswitnica.pl\/zss\/wp-json\/wp\/v2\/types\/post"}],"author":[{"embeddable":true,"href":"https:\/\/zsswitnica.pl\/zss\/wp-json\/wp\/v2\/users\/1"}],"replies":[{"embeddable":true,"href":"https:\/\/zsswitnica.pl\/zss\/wp-json\/wp\/v2\/comments?post=2287"}],"version-history":[{"count":1,"href":"https:\/\/zsswitnica.pl\/zss\/wp-json\/wp\/v2\/posts\/2287\/revisions"}],"predecessor-version":[{"id":2291,"href":"https:\/\/zsswitnica.pl\/zss\/wp-json\/wp\/v2\/posts\/2287\/revisions\/2291"}],"wp:attachment":[{"href":"https:\/\/zsswitnica.pl\/zss\/wp-json\/wp\/v2\/media?parent=2287"}],"wp:term":[{"taxonomy":"category","embeddable":true,"href":"https:\/\/zsswitnica.pl\/zss\/wp-json\/wp\/v2\/categories?post=2287"},{"taxonomy":"post_tag","embeddable":true,"href":"https:\/\/zsswitnica.pl\/zss\/wp-json\/wp\/v2\/tags?post=2287"}],"curies":[{"name":"wp","href":"https:\/\/api.w.org\/{rel}","templated":true}]}}