{"id":2264,"date":"2021-02-25T12:22:15","date_gmt":"2021-02-25T11:22:15","guid":{"rendered":"https:\/\/zsswitnica.pl\/zss\/?p=2264"},"modified":"2021-02-25T12:22:47","modified_gmt":"2021-02-25T11:22:47","slug":"wystawa-prac-artystycznych","status":"publish","type":"post","link":"https:\/\/zsswitnica.pl\/zss\/wystawa-prac-artystycznych\/","title":{"rendered":"Wystawa prac artystycznych"},"content":{"rendered":"\n<p>Serdecznie dzi\u0119kuj\u0119 Pani za wypo\u017cyczenie prac do naszej Mini galerii i \u017cycz\u0119 zdrowia, dalszej owocnej pracy i wsp\u00f3\u0142pracy z ZSS w Witnicy.<\/p>\n\n\n\n<p>\u201e<em>S\u0105dz\u0119, \u017ce ka\u017cdy odbiorca znajdzie obraz, kt\u00f3rego tematyka przypadnie mu do gustu, a z kolorystyk\u0105 uto\u017csami si\u0119 duchowo\u201d.<\/em><\/p>\n\n\n\n<p><em>~Marek Kobyla\u0144ski<\/em><\/p>\n\n\n\n<p>Link do<a href=\"http:\/\/witnica.pl\/2020\/11\/mini-galeria-koperniku\/?fbclid=IwAR29l0PF-tEpeceZ-mTQYii2CuDwz8vi7EKm932mev74-1BPQfu8axhs-EY\"> artyku\u0142u&nbsp;<\/a><\/p>\n\n\n\n<figure class=\"wp-block-gallery columns-3 is-cropped\"><ul class=\"blocks-gallery-grid\"><li class=\"blocks-gallery-item\"><figure><img loading=\"lazy\" width=\"300\" height=\"179\" src=\"https:\/\/zsswitnica.pl\/zss\/wp-content\/uploads\/2021\/02\/120572890_277296923262526_3910884113634180554_n-2048x1220-1-300x179-1.jpg\" alt=\"\" data-id=\"2266\" data-link=\"https:\/\/zsswitnica.pl\/zss\/?attachment_id=2266\" class=\"wp-image-2266\"\/><\/figure><\/li><li class=\"blocks-gallery-item\"><figure><img loading=\"lazy\" width=\"300\" height=\"186\" src=\"https:\/\/zsswitnica.pl\/zss\/wp-content\/uploads\/2021\/02\/120539922_2941435776110875_3319195287453014290_n-2048x1270-1-300x186-1.jpg\" alt=\"\" data-id=\"2267\" data-link=\"https:\/\/zsswitnica.pl\/zss\/?attachment_id=2267\" class=\"wp-image-2267\"\/><\/figure><\/li><li class=\"blocks-gallery-item\"><figure><img loading=\"lazy\" width=\"187\" height=\"300\" src=\"https:\/\/zsswitnica.pl\/zss\/wp-content\/uploads\/2021\/02\/120573540_425057941806485_8442353643711143692_n-scaled-1-187x300-1.jpg\" alt=\"\" data-id=\"2268\" data-full-url=\"https:\/\/zsswitnica.pl\/zss\/wp-content\/uploads\/2021\/02\/120573540_425057941806485_8442353643711143692_n-scaled-1-187x300-1.jpg\" data-link=\"https:\/\/zsswitnica.pl\/zss\/?attachment_id=2268\" class=\"wp-image-2268\"\/><\/figure><\/li><\/ul><\/figure>\n","protected":false},"excerpt":{"rendered":"<p>Serdecznie dzi\u0119kuj\u0119 Pani za wypo\u017cyczenie prac do naszej Mini galerii i \u017cycz\u0119 zdrowia, dalszej owocnej pracy i wsp\u00f3\u0142pracy z ZSS w Witnicy. \u201eS\u0105dz\u0119, \u017ce ka\u017cdy odbiorca znajdzie obraz, kt\u00f3rego tematyka przypadnie mu do gustu, a z kolorystyk\u0105 uto\u017csami si\u0119 duchowo\u201d. ~Marek Kobyla\u0144ski Link do artyku\u0142u&nbsp;<\/p>\n","protected":false},"author":1,"featured_media":0,"comment_status":"open","ping_status":"open","sticky":false,"template":"","format":"standard","meta":{"_et_pb_use_builder":"","_et_pb_old_content":"","_et_gb_content_width":""},"categories":[5,4],"tags":[],"_links":{"self":[{"href":"https:\/\/zsswitnica.pl\/zss\/wp-json\/wp\/v2\/posts\/2264"}],"collection":[{"href":"https:\/\/zsswitnica.pl\/zss\/wp-json\/wp\/v2\/posts"}],"about":[{"href":"https:\/\/zsswitnica.pl\/zss\/wp-json\/wp\/v2\/types\/post"}],"author":[{"embeddable":true,"href":"https:\/\/zsswitnica.pl\/zss\/wp-json\/wp\/v2\/users\/1"}],"replies":[{"embeddable":true,"href":"https:\/\/zsswitnica.pl\/zss\/wp-json\/wp\/v2\/comments?post=2264"}],"version-history":[{"count":2,"href":"https:\/\/zsswitnica.pl\/zss\/wp-json\/wp\/v2\/posts\/2264\/revisions"}],"predecessor-version":[{"id":2270,"href":"https:\/\/zsswitnica.pl\/zss\/wp-json\/wp\/v2\/posts\/2264\/revisions\/2270"}],"wp:attachment":[{"href":"https:\/\/zsswitnica.pl\/zss\/wp-json\/wp\/v2\/media?parent=2264"}],"wp:term":[{"taxonomy":"category","embeddable":true,"href":"https:\/\/zsswitnica.pl\/zss\/wp-json\/wp\/v2\/categories?post=2264"},{"taxonomy":"post_tag","embeddable":true,"href":"https:\/\/zsswitnica.pl\/zss\/wp-json\/wp\/v2\/tags?post=2264"}],"curies":[{"name":"wp","href":"https:\/\/api.w.org\/{rel}","templated":true}]}}